{"id":390,"date":"2026-02-28T13:51:34","date_gmt":"2026-02-28T12:51:34","guid":{"rendered":"https:\/\/lisaresatz.at\/blog\/?p=390"},"modified":"2026-03-03T00:20:03","modified_gmt":"2026-03-02T23:20:03","slug":"eigentlich-wollte-ich-einen-blog-schreiben","status":"publish","type":"post","link":"https:\/\/lisaresatz.at\/blog\/eigentlich-wollte-ich-einen-blog-schreiben\/","title":{"rendered":"Eigentlich wollte ich einen Blog schreiben"},"content":{"rendered":"\n<div style=\"height:100px\" aria-hidden=\"true\" class=\"wp-block-spacer\"><\/div>\n\n\n\n<p>Eigentlich wollte ich einen Blog schreiben. Nicht mich auf Social Media herumtreiben.<\/p>\n\n\n\n<p>Social Media stresst mich. Alles geht so schnell. Die Videos sollen kurz sein und m\u00fcssen dabei so viel k\u00f6nnen. Damit sie erfolgreich sind. Oder \u00fcberhaupt angesehen werden.<\/p>\n\n\n\n<p>Eigentlich wollte ich einen Blog schreiben, doch dann brauchte ich dringend Auftr\u00e4ge und dachte ich schalte mal eine kleine Werbeanzeige. Ich brauch ja nicht viel.<\/p>\n\n\n\n<p>So hat das begonnen, mit dem Social Media. Ich wei\u00df gar nicht, warum ich noch dort bin. Auf meine Werbeanzeige hat sich niemand gemeldet.<\/p>\n\n\n\n<p>Ich wei\u00df, warum ich noch dort bin. Ich dachte ich k\u00f6nnte es besser machen.<\/p>\n\n\n\n<p>Ich kann es auch besser machen. Ich wei\u00df, welche Fehler ich gemacht habe.<\/p>\n\n\n\n<p>Der erste Fehler war, dass ich das, was ich beworben habe, gar nicht wirklich machen wollte. Ich dachte einfach das w\u00e4re der leichtere Weg f\u00fcr mein kurzfristiges Ziel.<\/p>\n\n\n\n<p>Ich will nicht \u00fcber Social Media und Werbeanzeigen schreiben. Das stresst mich.<\/p>\n\n\n\n<p>Da ist so viel. Dazu habe ich so viele Gedanken, die mich besch\u00e4ftigen.<\/p>\n\n\n\n<p>Doch es sind nicht die Gedanken, die ich denken m\u00f6chte. Es sind die, die mich hier festhalten, obwohl ich da nie sein wollte.<\/p>\n\n\n\n<p>Ich wollte einen Blog schreiben.<\/p>\n\n\n\n<p>Wollte ich das?<\/p>\n\n\n\n<p>Ich wollte Kunden haben f\u00fcr mein neues Projekt.<\/p>\n\n\n\n<p>Wollte ich das?<\/p>\n\n\n\n<p>Ich wollte Menschen, die mit mir meine Arbeit machen wollen.<\/p>\n\n\n\n<p>Ich wollte Menschen, die ihr Inneres erforschen wollen.<\/p>\n\n\n\n<p>Ich wollte mit Menschen ihr Inneres erforschen, die das auch so spannend finden wie ich.<\/p>\n\n\n\n<p>Das wollte ich.<\/p>\n\n\n\n<p>Wenn ich dazwischen einfach am Waldboden liegen und in den Himmel schauen k\u00f6nnte, anstatt drinnen zu sitzen und mir zu \u00fcberlegen, wie ich zu diesen Menschen komme, ich w\u00fcrde es tun.<\/p>\n\n\n\n<p>Auf dem Boden zu liegen ist im Moment meine absolute Lieblings\u201ct\u00e4tigkeit\u201c.<\/p>\n\n\n\n<p>Am liebsten liege ich im Wald. Im Wald, bei alten B\u00e4umen.<\/p>\n\n\n\n<p>In einem Wald, mit alten B\u00e4umen, auf Moos.<\/p>\n\n\n\n<p>Und keinen anderen Menschen. <\/p>\n\n\n\n<p>Sonst komm ich mir komisch vor dabei auf dem Boden zu liegen. Dann habe ich Angst, dass mich jemand anspricht und meine Ruhe st\u00f6rt.<\/p>\n\n\n\n<p>Warum sitze ich eigentlich hier und schreibe das, wenn ich genausogut drau\u00dfen in der Wiese liegen k\u00f6nnte? Die Sonne scheint. Es ist nicht Wald, aber auch nicht schlecht. Ziemlich gut sogar.<\/p>\n\n\n\n<p>Manchmal, wenn ich in den Wald gehe \u2013 das ist noch nicht lange so. Das hat erst vor Kurzem begonnen \u2013 dann will ich mich hinlegen. Und wenn ich mich hinlege, dann werde ich ganz wehm\u00fctig. Und traurig. Weil ich kein Baum bin. <\/p>\n\n\n\n<p>Ich w\u00e4re so gern ein Baum im Wald. Da w\u00fcrde ich zwischen anderen B\u00e4umen stehen und mich sanft im Wind wiegen. Unsere \u00c4ste ineinander gehakt. <\/p>\n\n\n\n<p>Wir w\u00e4ren verbunden. Durch ein unterirdisches Netz an Wurzeln, immer im Kontakt. <\/p>\n\n\n\n<p>Ich h\u00e4tte ganz viele Haustiere, die sich um sich selbst k\u00fcmmern. Manchen bin ich ein Zuhause, anderen Nahrung, wieder anderen biete ich Schutz. Sichtschutz. Windschutz. Regenschutz. <\/p>\n\n\n\n<p>Ich w\u00e4re Teil von etwas, ohne mir \u00fcberlegen zu m\u00fcssen, ob es vielleicht woanders besser w\u00e4re.<\/p>\n\n\n\n<p>Ich br\u00e4uchte nichts tun. Alles was passiert, passiert von alleine.<\/p>\n\n\n\n<p>Ich wei\u00df nicht, wie es f\u00fcr einen Baum ist, wenn der Nachbarbaum gef\u00e4llt wird. Erst kommen gro\u00dfe Maschinen und dr\u00fccken den Boden zusammen. Dann schneiden sie tief in ihn hinein, bis sein Oben und Unten voneinander getrennt sind und er umf\u00e4llt. Mit all seinem Gewicht donnert er neben mir zu Boden. Die Wurzeln noch am Leben. Wie die wohl reagieren? <\/p>\n\n\n\n<p>Jetzt ber\u00fchren mich seine \u00c4ste nicht mehr und neben mir ist ein Loch. Leere.<\/p>\n\n\n\n<p>Oder wenn ich so ein k\u00fcmmerliches B\u00e4umchen w\u00e4re, das sich hier offensichtlich nicht wohlf\u00fchlt, aber der Samen ist aufgegangen und jetzt w\u00e4chst da so ein einzelner, langer Ast nach oben, in der Hoffnung irgendwann Licht zu bekommen. &nbsp;\u00dcberwuchert von irgendwelchem Gestr\u00fcpp, das mir die N\u00e4hrstoffe streitig macht. Ich bekomme grade so viel, dass es zum \u00dcberleben reicht. Hin und wieder steck ich all meine Kraft in ein paar Bl\u00fcten in der Hoffnung, dass ihre Samen weitergetragen werden, an einen anderen Ort, an dem es ein bisschen leichter ist.<\/p>\n\n\n\n<p>Dann bin ich wieder genau da, wo ich jetzt auch bin.<\/p>\n\n\n\n<p>Vielleicht hat man es als Baum auch nicht so leicht.<\/p>\n\n\n\n<p>Oder es h\u00e4ngt nicht davon ab, ob man ein Baum ist oder ein Mensch.<\/p>\n\n\n\n<p>Vielleicht hat es mehr mit der Einstellung zum Leben zu tun. Vielleicht ist es ganz leicht und ich sehe es einfach gerade nicht.<\/p>\n\n\n\n<p>Dann w\u00e4re ich doch wieder lieber ein Baum.<\/p>\n\n\n\n<p>Ein Baum im Wald.<\/p>\n\n\n\n<div style=\"height:100px\" aria-hidden=\"true\" class=\"wp-block-spacer\"><\/div>\n\n\n\n<p>Vor einem Jahr noch, h\u00e4tte ich das nicht ver\u00f6ffentlicht. H\u00e4tte ich es noch nicht einmal am Computer geschrieben. Doch heute, heute lechze ich danach etwas in dieses Internet zu bringen, bei dem ich mir nicht \u00fcberlgt habe, ob es jemanden interessiert. Bei dem ich nicht die KI gefragt habe, ob das so passt und ob man mich versteht und ob da Rechtschreibfehler drin sind. <\/p>\n\n\n\n<p>Komisch finde ich das. <\/p>\n\n\n\n<p>Dass mir das so wichtig ist. Weil ich in meinem Content ohnehin nicht sehr kompromissbereit bin. Die meisten KI-Vorschl\u00e4ge, wie ich etwas besser machen k\u00f6nnte, lehne ich ab. Ich weigere mich Problemmarketing zu machen und wende so Vieles, was ich wei\u00df, nicht an, weil ich einfach nicht will. Weil es sich dann nicht mehr nach mir anf\u00fchlt. <\/p>\n\n\n\n<p>Warum dann? <\/p>\n\n\n\n<p>Ich lechze nach etwas, das nichts will. Das sich nichts erhofft. Das keinen Zweck erf\u00fcllen muss. <\/p>\n\n\n\n<p>Vielleicht ist das mein Blog. Vielleicht ist der nur f\u00fcr mich. <\/p>\n\n\n\n<p>So ein einzelner Baum ist auch sch\u00f6n. <\/p>\n\n\n\n<p><\/p>\n","protected":false},"excerpt":{"rendered":"<p>Eigentlich wollte ich einen Blog schreiben. Nicht mich auf Social Media herumtreiben. Social Media stresst mich. Alles geht so schnell. Die Videos sollen kurz sein und m\u00fcssen dabei so viel k\u00f6nnen. Damit sie erfolgreich sind. Oder \u00fcberhaupt angesehen werden. Eigentlich wollte ich einen Blog schreiben, doch dann brauchte ich dringend Auftr\u00e4ge und dachte ich schalte [&hellip;]<\/p>\n","protected":false},"author":1,"featured_media":0,"comment_status":"open","ping_status":"open","sticky":false,"template":"","format":"standard","meta":{"footnotes":""},"categories":[1],"tags":[],"class_list":["post-390","post","type-post","status-publish","format-standard","hentry","category-allgemein"],"_links":{"self":[{"href":"https:\/\/lisaresatz.at\/blog\/wp-json\/wp\/v2\/posts\/390","targetHints":{"allow":["GET"]}}],"collection":[{"href":"https:\/\/lisaresatz.at\/blog\/wp-json\/wp\/v2\/posts"}],"about":[{"href":"https:\/\/lisaresatz.at\/blog\/wp-json\/wp\/v2\/types\/post"}],"author":[{"embeddable":true,"href":"https:\/\/lisaresatz.at\/blog\/wp-json\/wp\/v2\/users\/1"}],"replies":[{"embeddable":true,"href":"https:\/\/lisaresatz.at\/blog\/wp-json\/wp\/v2\/comments?post=390"}],"version-history":[{"count":6,"href":"https:\/\/lisaresatz.at\/blog\/wp-json\/wp\/v2\/posts\/390\/revisions"}],"predecessor-version":[{"id":405,"href":"https:\/\/lisaresatz.at\/blog\/wp-json\/wp\/v2\/posts\/390\/revisions\/405"}],"wp:attachment":[{"href":"https:\/\/lisaresatz.at\/blog\/wp-json\/wp\/v2\/media?parent=390"}],"wp:term":[{"taxonomy":"category","embeddable":true,"href":"https:\/\/lisaresatz.at\/blog\/wp-json\/wp\/v2\/categories?post=390"},{"taxonomy":"post_tag","embeddable":true,"href":"https:\/\/lisaresatz.at\/blog\/wp-json\/wp\/v2\/tags?post=390"}],"curies":[{"name":"wp","href":"https:\/\/api.w.org\/{rel}","templated":true}]}}